{"id":1502,"date":"2016-08-18T22:18:53","date_gmt":"2016-08-18T20:18:53","guid":{"rendered":"http:\/\/www.eisenbahnfotos.ch\/?p=1502"},"modified":"2016-08-18T22:18:53","modified_gmt":"2016-08-18T20:18:53","slug":"rochers-de-naye","status":"publish","type":"post","link":"https:\/\/www.eisenbahnfotos.ch\/?p=1502","title":{"rendered":"Rochers-de-Naye"},"content":{"rendered":"<figure style=\"width: 150px\" class=\"wp-caption aligncenter\"><a href=\"http:\/\/www.eisenbahnfotos.ch\/bahn2\/picture.php?\/1131\/category\/3\"><img loading=\"lazy\" decoding=\"async\" class=\"size-medium\" src=\"http:\/\/www.eisenbahnfotos.ch\/bahn2\/_data\/i\/galleries\/2016\/SGL_007a-th.jpg\" alt=\"3 Fotos (20.07.16)\" width=\"150\" height=\"100\" \/><\/a><figcaption class=\"wp-caption-text\">3 Fotos (20.07.16)<\/figcaption><\/figure>\n<p>Seit dem letzten Dezember ist das GA auch f\u00fcr die Fahrt auf den Rochers-de-Naye g\u00fcltig. An einem sch\u00f6nen Juli-Tag waren entsprechend viele Leute unterwegs, so dass dem fahrplanm\u00e4ssigen Zug mit 2 Doppeltriebwagen auch der Triebwagen Bhe 2\/4 204 aus dem Jahr 1938 folgte.<\/p>\n","protected":false},"excerpt":{"rendered":"<p>Seit dem letzten Dezember ist das GA auch f\u00fcr die Fahrt auf den Rochers-de-Naye g\u00fcltig. An einem sch\u00f6nen Juli-Tag waren entsprechend viele Leute unterwegs, so dass dem fahrplanm\u00e4ssigen Zug mit 2 Doppeltriebwagen auch der Triebwagen Bhe 2\/4 204 aus dem Jahr 1938 folgte.<\/p>\n","protected":false},"author":2,"featured_media":0,"comment_status":"closed","ping_status":"open","sticky":false,"template":"","format":"standard","meta":{"ngg_post_thumbnail":0,"footnotes":""},"categories":[8,10,13],"tags":[],"class_list":["post-1502","post","type-post","status-publish","format-standard","hentry","category-alltagsbetrieb","category-bergbahnen","category-schmalspur"],"_links":{"self":[{"href":"https:\/\/www.eisenbahnfotos.ch\/index.php?rest_route=\/wp\/v2\/posts\/1502","targetHints":{"allow":["GET"]}}],"collection":[{"href":"https:\/\/www.eisenbahnfotos.ch\/index.php?rest_route=\/wp\/v2\/posts"}],"about":[{"href":"https:\/\/www.eisenbahnfotos.ch\/index.php?rest_route=\/wp\/v2\/types\/post"}],"author":[{"embeddable":true,"href":"https:\/\/www.eisenbahnfotos.ch\/index.php?rest_route=\/wp\/v2\/users\/2"}],"replies":[{"embeddable":true,"href":"https:\/\/www.eisenbahnfotos.ch\/index.php?rest_route=%2Fwp%2Fv2%2Fcomments&post=1502"}],"version-history":[{"count":1,"href":"https:\/\/www.eisenbahnfotos.ch\/index.php?rest_route=\/wp\/v2\/posts\/1502\/revisions"}],"predecessor-version":[{"id":1503,"href":"https:\/\/www.eisenbahnfotos.ch\/index.php?rest_route=\/wp\/v2\/posts\/1502\/revisions\/1503"}],"wp:attachment":[{"href":"https:\/\/www.eisenbahnfotos.ch\/index.php?rest_route=%2Fwp%2Fv2%2Fmedia&parent=1502"}],"wp:term":[{"taxonomy":"category","embeddable":true,"href":"https:\/\/www.eisenbahnfotos.ch\/index.php?rest_route=%2Fwp%2Fv2%2Fcategories&post=1502"},{"taxonomy":"post_tag","embeddable":true,"href":"https:\/\/www.eisenbahnfotos.ch\/index.php?rest_route=%2Fwp%2Fv2%2Ftags&post=1502"}],"curies":[{"name":"wp","href":"https:\/\/api.w.org\/{rel}","templated":true}]}}