{"id":1773,"date":"2019-05-26T18:03:58","date_gmt":"2019-05-26T16:03:58","guid":{"rendered":"https:\/\/www.eisenbahnfotos.ch\/?p=1773"},"modified":"2019-05-26T18:03:58","modified_gmt":"2019-05-26T16:03:58","slug":"maelartag-greater-anglia","status":"publish","type":"post","link":"https:\/\/www.eisenbahnfotos.ch\/?p=1773","title":{"rendered":"M\u00e4lart\u00e5g + Greater Anglia"},"content":{"rendered":"<figure style=\"width: 150px\" class=\"wp-caption aligncenter\"><a href=\"https:\/\/www.eisenbahnfotos.ch\/bahn2\/picture.php?\/1954\/category\/7\"><img loading=\"lazy\" decoding=\"async\" class=\"size-medium\" src=\"https:\/\/www.eisenbahnfotos.ch\/bahn2\/_data\/i\/galleries\/2019\/VEH-001a-th.jpg\" width=\"150\" height=\"100\"><\/a><figcaption class=\"wp-caption-text\">18 Fotos (17.05.19)<\/figcaption><\/figure>\n<p>Am 17. Mai fanden zwischen Sulgen und Romanshorn Probefahrten mit einem Doppelstockzug f\u00fcr M\u00e4lart\u00e5g (Schweden) und einem Giruno statt. Zudem wurde auch ein Triebzug f\u00fcr Greater Anglia \u00fcberf\u00fchrt.<\/p>\n","protected":false},"excerpt":{"rendered":"<p>Am 17. Mai fanden zwischen Sulgen und Romanshorn Probefahrten mit einem Doppelstockzug f\u00fcr M\u00e4lart\u00e5g (Schweden) und einem Giruno statt. Zudem wurde auch ein Triebzug f\u00fcr Greater Anglia \u00fcberf\u00fchrt.<\/p>\n","protected":false},"author":2,"featured_media":0,"comment_status":"closed","ping_status":"open","sticky":false,"template":"","format":"standard","meta":{"ngg_post_thumbnail":0,"footnotes":""},"categories":[8,9],"tags":[],"class_list":["post-1773","post","type-post","status-publish","format-standard","hentry","category-alltagsbetrieb","category-auslandische-fahrzeuge"],"_links":{"self":[{"href":"https:\/\/www.eisenbahnfotos.ch\/index.php?rest_route=\/wp\/v2\/posts\/1773","targetHints":{"allow":["GET"]}}],"collection":[{"href":"https:\/\/www.eisenbahnfotos.ch\/index.php?rest_route=\/wp\/v2\/posts"}],"about":[{"href":"https:\/\/www.eisenbahnfotos.ch\/index.php?rest_route=\/wp\/v2\/types\/post"}],"author":[{"embeddable":true,"href":"https:\/\/www.eisenbahnfotos.ch\/index.php?rest_route=\/wp\/v2\/users\/2"}],"replies":[{"embeddable":true,"href":"https:\/\/www.eisenbahnfotos.ch\/index.php?rest_route=%2Fwp%2Fv2%2Fcomments&post=1773"}],"version-history":[{"count":1,"href":"https:\/\/www.eisenbahnfotos.ch\/index.php?rest_route=\/wp\/v2\/posts\/1773\/revisions"}],"predecessor-version":[{"id":1774,"href":"https:\/\/www.eisenbahnfotos.ch\/index.php?rest_route=\/wp\/v2\/posts\/1773\/revisions\/1774"}],"wp:attachment":[{"href":"https:\/\/www.eisenbahnfotos.ch\/index.php?rest_route=%2Fwp%2Fv2%2Fmedia&parent=1773"}],"wp:term":[{"taxonomy":"category","embeddable":true,"href":"https:\/\/www.eisenbahnfotos.ch\/index.php?rest_route=%2Fwp%2Fv2%2Fcategories&post=1773"},{"taxonomy":"post_tag","embeddable":true,"href":"https:\/\/www.eisenbahnfotos.ch\/index.php?rest_route=%2Fwp%2Fv2%2Ftags&post=1773"}],"curies":[{"name":"wp","href":"https:\/\/api.w.org\/{rel}","templated":true}]}}