{"id":207,"date":"2010-01-04T00:00:35","date_gmt":"2010-01-03T23:00:35","guid":{"rendered":"http:\/\/eisenbahnfotos.wordpress.com\/?p=207"},"modified":"2010-01-04T00:00:35","modified_gmt":"2010-01-03T23:00:35","slug":"fern_fre","status":"publish","type":"post","link":"https:\/\/www.eisenbahnfotos.ch\/?p=207","title":{"rendered":"Fernverkehr in Frenkendorf, TGV als ICE"},"content":{"rendered":"<p style=\"text-align:left;\">\n<figure style=\"width: 150px\" class=\"wp-caption aligncenter\"><a href=\"http:\/\/www.eisenbahnfotos.ch\/bahn\/displayimage.php?pos=-4307\"><img loading=\"lazy\" decoding=\"async\" class=\" \" title=\"zum ersten Foto\" src=\"http:\/\/www.eisenbahnfotos.ch\/bahn\/albums\/uploads\/jahr\/2010a\/thumb_ma005a.jpg\" alt=\"\" width=\"150\" height=\"100\" \/><\/a><figcaption class=\"wp-caption-text\">3 Fotos (03.01.10)<\/figcaption><\/figure>\n<p style=\"text-align:left;\">Seit Fahrplanwechsel im Dezember verkehren vor\u00fcbergehend wieder Fernverkehrsz\u00fcge via Frenkendorf.<\/p>\n<p style=\"text-align:left;\">In Basel verkehrt ein versp\u00e4teter TGV aus Frankreich als Ersatzzug f\u00fcr einen aus Deutschland ebenfalls versp\u00e4teten ICE nach Z\u00fcrich.<\/p>\n","protected":false},"excerpt":{"rendered":"<p>Seit Fahrplanwechsel im Dezember verkehren vor\u00fcbergehend wieder Fernverkehrsz\u00fcge via Frenkendorf. In Basel verkehrt ein versp\u00e4teter TGV aus Frankreich als Ersatzzug f\u00fcr einen aus Deutschland ebenfalls versp\u00e4teten ICE nach Z\u00fcrich.<\/p>\n","protected":false},"author":2,"featured_media":0,"comment_status":"open","ping_status":"open","sticky":false,"template":"","format":"standard","meta":{"ngg_post_thumbnail":0,"footnotes":""},"categories":[8],"tags":[],"class_list":["post-207","post","type-post","status-publish","format-standard","hentry","category-alltagsbetrieb"],"_links":{"self":[{"href":"https:\/\/www.eisenbahnfotos.ch\/index.php?rest_route=\/wp\/v2\/posts\/207","targetHints":{"allow":["GET"]}}],"collection":[{"href":"https:\/\/www.eisenbahnfotos.ch\/index.php?rest_route=\/wp\/v2\/posts"}],"about":[{"href":"https:\/\/www.eisenbahnfotos.ch\/index.php?rest_route=\/wp\/v2\/types\/post"}],"author":[{"embeddable":true,"href":"https:\/\/www.eisenbahnfotos.ch\/index.php?rest_route=\/wp\/v2\/users\/2"}],"replies":[{"embeddable":true,"href":"https:\/\/www.eisenbahnfotos.ch\/index.php?rest_route=%2Fwp%2Fv2%2Fcomments&post=207"}],"version-history":[{"count":0,"href":"https:\/\/www.eisenbahnfotos.ch\/index.php?rest_route=\/wp\/v2\/posts\/207\/revisions"}],"wp:attachment":[{"href":"https:\/\/www.eisenbahnfotos.ch\/index.php?rest_route=%2Fwp%2Fv2%2Fmedia&parent=207"}],"wp:term":[{"taxonomy":"category","embeddable":true,"href":"https:\/\/www.eisenbahnfotos.ch\/index.php?rest_route=%2Fwp%2Fv2%2Fcategories&post=207"},{"taxonomy":"post_tag","embeddable":true,"href":"https:\/\/www.eisenbahnfotos.ch\/index.php?rest_route=%2Fwp%2Fv2%2Ftags&post=207"}],"curies":[{"name":"wp","href":"https:\/\/api.w.org\/{rel}","templated":true}]}}