{"id":2164,"date":"2023-01-23T21:15:54","date_gmt":"2023-01-23T20:15:54","guid":{"rendered":"https:\/\/www.eisenbahnfotos.ch\/?p=2164"},"modified":"2023-01-23T21:15:54","modified_gmt":"2023-01-23T20:15:54","slug":"rigi-3","status":"publish","type":"post","link":"https:\/\/www.eisenbahnfotos.ch\/?p=2164","title":{"rendered":"Rigi"},"content":{"rendered":"<figure style=\"width: 150px\" class=\"wp-caption aligncenter\"><a href=\"https:\/\/www.eisenbahnfotos.ch\/bahn2\/picture.php?\/3340\/category\/11\"><img loading=\"lazy\" decoding=\"async\" class=\"size-medium\" src=\"https:\/\/www.eisenbahnfotos.ch\/bahn2\/_data\/i\/galleries\/2022\/YBD-006a-th.jpg\" width=\"150\" height=\"100\"><\/a><figcaption class=\"wp-caption-text\">34 Fotos (13.02.22)<\/figcaption><\/figure>\n<p>An einem sch\u00f6nen Sonntag im Februar 2022 war auf der Rigi Hochbetrieb. Die meisten Z\u00fcge wurden mehrfach gef\u00fchrt, zudem verkehrte der Sportpendel zwischen Rigi Kl\u00f6sterli und Kulm. Noch war ausschliesslich altes Rollmaterial im Einsatz, die neuen Z\u00fcge verkehrten noch nicht im fahrplanm\u00e4ssigen Betrieb.<\/p>\n","protected":false},"excerpt":{"rendered":"<p>An einem sch\u00f6nen Sonntag im Februar 2022 war auf der Rigi Hochbetrieb. Die meisten Z\u00fcge wurden mehrfach gef\u00fchrt, zudem verkehrte der Sportpendel zwischen Rigi Kl\u00f6sterli und Kulm. Noch war ausschliesslich altes Rollmaterial im Einsatz, die neuen Z\u00fcge verkehrten noch nicht im fahrplanm\u00e4ssigen Betrieb.<\/p>\n","protected":false},"author":2,"featured_media":0,"comment_status":"closed","ping_status":"open","sticky":false,"template":"","format":"standard","meta":{"ngg_post_thumbnail":0,"footnotes":""},"categories":[8,10],"tags":[],"class_list":["post-2164","post","type-post","status-publish","format-standard","hentry","category-alltagsbetrieb","category-bergbahnen"],"_links":{"self":[{"href":"https:\/\/www.eisenbahnfotos.ch\/index.php?rest_route=\/wp\/v2\/posts\/2164","targetHints":{"allow":["GET"]}}],"collection":[{"href":"https:\/\/www.eisenbahnfotos.ch\/index.php?rest_route=\/wp\/v2\/posts"}],"about":[{"href":"https:\/\/www.eisenbahnfotos.ch\/index.php?rest_route=\/wp\/v2\/types\/post"}],"author":[{"embeddable":true,"href":"https:\/\/www.eisenbahnfotos.ch\/index.php?rest_route=\/wp\/v2\/users\/2"}],"replies":[{"embeddable":true,"href":"https:\/\/www.eisenbahnfotos.ch\/index.php?rest_route=%2Fwp%2Fv2%2Fcomments&post=2164"}],"version-history":[{"count":1,"href":"https:\/\/www.eisenbahnfotos.ch\/index.php?rest_route=\/wp\/v2\/posts\/2164\/revisions"}],"predecessor-version":[{"id":2165,"href":"https:\/\/www.eisenbahnfotos.ch\/index.php?rest_route=\/wp\/v2\/posts\/2164\/revisions\/2165"}],"wp:attachment":[{"href":"https:\/\/www.eisenbahnfotos.ch\/index.php?rest_route=%2Fwp%2Fv2%2Fmedia&parent=2164"}],"wp:term":[{"taxonomy":"category","embeddable":true,"href":"https:\/\/www.eisenbahnfotos.ch\/index.php?rest_route=%2Fwp%2Fv2%2Fcategories&post=2164"},{"taxonomy":"post_tag","embeddable":true,"href":"https:\/\/www.eisenbahnfotos.ch\/index.php?rest_route=%2Fwp%2Fv2%2Ftags&post=2164"}],"curies":[{"name":"wp","href":"https:\/\/api.w.org\/{rel}","templated":true}]}}