{"id":2212,"date":"2023-07-29T22:42:47","date_gmt":"2023-07-29T20:42:47","guid":{"rendered":"https:\/\/www.eisenbahnfotos.ch\/?p=2212"},"modified":"2023-07-29T22:42:47","modified_gmt":"2023-07-29T20:42:47","slug":"norwegen-ski-moss-halden","status":"publish","type":"post","link":"https:\/\/www.eisenbahnfotos.ch\/?p=2212","title":{"rendered":"Norwegen: Ski, Moss, Halden"},"content":{"rendered":"<figure style=\"width: 150px\" class=\"wp-caption aligncenter\"><a href=\"https:\/\/www.eisenbahnfotos.ch\/bahn2\/picture.php?\/3562\/category\/12\"><img loading=\"lazy\" decoding=\"async\" class=\"size-medium\" src=\"https:\/\/www.eisenbahnfotos.ch\/bahn2\/_data\/i\/galleries\/2023\/ZAFG-007a-th.jpg\" width=\"150\" height=\"100\"><\/a><figcaption class=\"wp-caption-text\">3 Fotos (16.06.23)<\/figcaption><\/figure>\n<p>Im Juni war ich 2 Wochen in Norwegen unterwegs. Seit dem letzten Besuch im Jahr 2019 hat sich einiges ver\u00e4ndert. Die Z\u00fcge von Vy (ehemals NSB) sind nun mit wenigen Ausnahmen gr\u00fcn und im Norden hat SJ Norge den Betrieb \u00fcbernommen.<\/p>\n","protected":false},"excerpt":{"rendered":"<p>Im Juni war ich 2 Wochen in Norwegen unterwegs. Seit dem letzten Besuch im Jahr 2019 hat sich einiges ver\u00e4ndert. Die Z\u00fcge von Vy (ehemals NSB) sind nun mit wenigen Ausnahmen gr\u00fcn und im Norden hat SJ Norge den Betrieb \u00fcbernommen.<\/p>\n","protected":false},"author":2,"featured_media":0,"comment_status":"closed","ping_status":"open","sticky":false,"template":"","format":"standard","meta":{"ngg_post_thumbnail":0,"footnotes":""},"categories":[8,3],"tags":[],"class_list":["post-2212","post","type-post","status-publish","format-standard","hentry","category-alltagsbetrieb","category-ausland"],"_links":{"self":[{"href":"https:\/\/www.eisenbahnfotos.ch\/index.php?rest_route=\/wp\/v2\/posts\/2212","targetHints":{"allow":["GET"]}}],"collection":[{"href":"https:\/\/www.eisenbahnfotos.ch\/index.php?rest_route=\/wp\/v2\/posts"}],"about":[{"href":"https:\/\/www.eisenbahnfotos.ch\/index.php?rest_route=\/wp\/v2\/types\/post"}],"author":[{"embeddable":true,"href":"https:\/\/www.eisenbahnfotos.ch\/index.php?rest_route=\/wp\/v2\/users\/2"}],"replies":[{"embeddable":true,"href":"https:\/\/www.eisenbahnfotos.ch\/index.php?rest_route=%2Fwp%2Fv2%2Fcomments&post=2212"}],"version-history":[{"count":1,"href":"https:\/\/www.eisenbahnfotos.ch\/index.php?rest_route=\/wp\/v2\/posts\/2212\/revisions"}],"predecessor-version":[{"id":2213,"href":"https:\/\/www.eisenbahnfotos.ch\/index.php?rest_route=\/wp\/v2\/posts\/2212\/revisions\/2213"}],"wp:attachment":[{"href":"https:\/\/www.eisenbahnfotos.ch\/index.php?rest_route=%2Fwp%2Fv2%2Fmedia&parent=2212"}],"wp:term":[{"taxonomy":"category","embeddable":true,"href":"https:\/\/www.eisenbahnfotos.ch\/index.php?rest_route=%2Fwp%2Fv2%2Fcategories&post=2212"},{"taxonomy":"post_tag","embeddable":true,"href":"https:\/\/www.eisenbahnfotos.ch\/index.php?rest_route=%2Fwp%2Fv2%2Ftags&post=2212"}],"curies":[{"name":"wp","href":"https:\/\/api.w.org\/{rel}","templated":true}]}}