{"id":2220,"date":"2023-08-29T19:59:20","date_gmt":"2023-08-29T17:59:20","guid":{"rendered":"https:\/\/www.eisenbahnfotos.ch\/?p=2220"},"modified":"2023-10-30T19:04:58","modified_gmt":"2023-10-30T18:04:58","slug":"mgb-oberalp","status":"publish","type":"post","link":"https:\/\/www.eisenbahnfotos.ch\/?p=2220","title":{"rendered":"Oberalp"},"content":{"rendered":"<figure style=\"width: 150px\" class=\"wp-caption aligncenter\"><a href=\"https:\/\/www.eisenbahnfotos.ch\/bahn2\/picture.php?\/3577\/category\/12\"><img loading=\"lazy\" decoding=\"async\" class=\"size-medium\" src=\"https:\/\/www.eisenbahnfotos.ch\/bahn2\/_data\/i\/galleries\/2023\/ZAHL-010a-th.jpg\" width=\"150\" height=\"100\"><\/a><figcaption class=\"wp-caption-text\">11 Fotos (20.08.23)<\/figcaption><\/figure>\n<p>In einigen Monaten sollen die lokbespannten Regio am Oberalp durch die neuen Orion-Triebz\u00fcge abgel\u00f6st werden. Zudem wird aktuell auch noch ein Zugspaar des Glacier-Express mit einem Deh-Triebwagen gef\u00fchrt.<\/p>\n","protected":false},"excerpt":{"rendered":"<p>In einigen Monaten sollen die lokbespannten Regio am Oberalp durch die neuen Orion-Triebz\u00fcge abgel\u00f6st werden. Zudem wird aktuell auch noch ein Zugspaar des Glacier-Express mit einem Deh-Triebwagen gef\u00fchrt.<\/p>\n","protected":false},"author":2,"featured_media":0,"comment_status":"closed","ping_status":"open","sticky":false,"template":"","format":"standard","meta":{"ngg_post_thumbnail":0,"footnotes":""},"categories":[8,13],"tags":[],"class_list":["post-2220","post","type-post","status-publish","format-standard","hentry","category-alltagsbetrieb","category-schmalspur"],"_links":{"self":[{"href":"https:\/\/www.eisenbahnfotos.ch\/index.php?rest_route=\/wp\/v2\/posts\/2220","targetHints":{"allow":["GET"]}}],"collection":[{"href":"https:\/\/www.eisenbahnfotos.ch\/index.php?rest_route=\/wp\/v2\/posts"}],"about":[{"href":"https:\/\/www.eisenbahnfotos.ch\/index.php?rest_route=\/wp\/v2\/types\/post"}],"author":[{"embeddable":true,"href":"https:\/\/www.eisenbahnfotos.ch\/index.php?rest_route=\/wp\/v2\/users\/2"}],"replies":[{"embeddable":true,"href":"https:\/\/www.eisenbahnfotos.ch\/index.php?rest_route=%2Fwp%2Fv2%2Fcomments&post=2220"}],"version-history":[{"count":2,"href":"https:\/\/www.eisenbahnfotos.ch\/index.php?rest_route=\/wp\/v2\/posts\/2220\/revisions"}],"predecessor-version":[{"id":2234,"href":"https:\/\/www.eisenbahnfotos.ch\/index.php?rest_route=\/wp\/v2\/posts\/2220\/revisions\/2234"}],"wp:attachment":[{"href":"https:\/\/www.eisenbahnfotos.ch\/index.php?rest_route=%2Fwp%2Fv2%2Fmedia&parent=2220"}],"wp:term":[{"taxonomy":"category","embeddable":true,"href":"https:\/\/www.eisenbahnfotos.ch\/index.php?rest_route=%2Fwp%2Fv2%2Fcategories&post=2220"},{"taxonomy":"post_tag","embeddable":true,"href":"https:\/\/www.eisenbahnfotos.ch\/index.php?rest_route=%2Fwp%2Fv2%2Ftags&post=2220"}],"curies":[{"name":"wp","href":"https:\/\/api.w.org\/{rel}","templated":true}]}}