{"id":2286,"date":"2024-04-21T16:05:38","date_gmt":"2024-04-21T14:05:38","guid":{"rendered":"https:\/\/www.eisenbahnfotos.ch\/?p=2286"},"modified":"2024-04-21T16:05:38","modified_gmt":"2024-04-21T14:05:38","slug":"frick-8","status":"publish","type":"post","link":"https:\/\/www.eisenbahnfotos.ch\/?p=2286","title":{"rendered":"Frick"},"content":{"rendered":"<figure style=\"width: 150px\" class=\"wp-caption aligncenter\"><a href=\"https:\/\/www.eisenbahnfotos.ch\/bahn2\/picture.php?\/3847\/category\/13\"><img loading=\"lazy\" decoding=\"async\" class=\"size-medium\" src=\"https:\/\/www.eisenbahnfotos.ch\/bahn2\/_data\/i\/galleries\/2024\/ZBDC-001a-th.jpg\" width=\"150\" height=\"100\"><\/a><figcaption class=\"wp-caption-text\">23 Fotos (12.04.24)<\/figcaption><\/figure>\n<p>W\u00e4hrend am B\u00f6zberg im G\u00fcterverkehr die Vectron-Loks dominieren, sind bei den Reisez\u00fcgen inzwischen mehrheitlich RABe 512 im Einsatz.<\/p>\n","protected":false},"excerpt":{"rendered":"<p>W\u00e4hrend am B\u00f6zberg im G\u00fcterverkehr die Vectron-Loks dominieren, sind bei den Reisez\u00fcgen inzwischen mehrheitlich RABe 512 im Einsatz.<\/p>\n","protected":false},"author":2,"featured_media":0,"comment_status":"closed","ping_status":"open","sticky":false,"template":"","format":"standard","meta":{"ngg_post_thumbnail":0,"footnotes":""},"categories":[8],"tags":[],"class_list":["post-2286","post","type-post","status-publish","format-standard","hentry","category-alltagsbetrieb"],"_links":{"self":[{"href":"https:\/\/www.eisenbahnfotos.ch\/index.php?rest_route=\/wp\/v2\/posts\/2286","targetHints":{"allow":["GET"]}}],"collection":[{"href":"https:\/\/www.eisenbahnfotos.ch\/index.php?rest_route=\/wp\/v2\/posts"}],"about":[{"href":"https:\/\/www.eisenbahnfotos.ch\/index.php?rest_route=\/wp\/v2\/types\/post"}],"author":[{"embeddable":true,"href":"https:\/\/www.eisenbahnfotos.ch\/index.php?rest_route=\/wp\/v2\/users\/2"}],"replies":[{"embeddable":true,"href":"https:\/\/www.eisenbahnfotos.ch\/index.php?rest_route=%2Fwp%2Fv2%2Fcomments&post=2286"}],"version-history":[{"count":1,"href":"https:\/\/www.eisenbahnfotos.ch\/index.php?rest_route=\/wp\/v2\/posts\/2286\/revisions"}],"predecessor-version":[{"id":2287,"href":"https:\/\/www.eisenbahnfotos.ch\/index.php?rest_route=\/wp\/v2\/posts\/2286\/revisions\/2287"}],"wp:attachment":[{"href":"https:\/\/www.eisenbahnfotos.ch\/index.php?rest_route=%2Fwp%2Fv2%2Fmedia&parent=2286"}],"wp:term":[{"taxonomy":"category","embeddable":true,"href":"https:\/\/www.eisenbahnfotos.ch\/index.php?rest_route=%2Fwp%2Fv2%2Fcategories&post=2286"},{"taxonomy":"post_tag","embeddable":true,"href":"https:\/\/www.eisenbahnfotos.ch\/index.php?rest_route=%2Fwp%2Fv2%2Ftags&post=2286"}],"curies":[{"name":"wp","href":"https:\/\/api.w.org\/{rel}","templated":true}]}}