{"id":2313,"date":"2024-09-28T23:03:12","date_gmt":"2024-09-28T21:03:12","guid":{"rendered":"https:\/\/www.eisenbahnfotos.ch\/?p=2313"},"modified":"2024-09-28T23:03:12","modified_gmt":"2024-09-28T21:03:12","slug":"60-jahre-re-4-4-ii-teil-2","status":"publish","type":"post","link":"https:\/\/www.eisenbahnfotos.ch\/?p=2313","title":{"rendered":"60 Jahre Re 4\/4 II (Teil 2)"},"content":{"rendered":"<figure style=\"width: 150px\" class=\"wp-caption aligncenter\"><a href=\"https:\/\/www.eisenbahnfotos.ch\/bahn2\/picture.php?\/3952\/category\/13\"><img loading=\"lazy\" decoding=\"async\" class=\"size-medium\" src=\"https:\/\/www.eisenbahnfotos.ch\/bahn2\/_data\/i\/galleries\/2024\/ZBJF-001a-th.jpg\" width=\"150\" height=\"100\"><\/a><figcaption class=\"wp-caption-text\">17 Fotos (15.09.24)<\/figcaption><\/figure>\n<p>Am Sonntag war ich nochmals in Balsthal. St\u00fcndlich verkehrten jeweils Lokz\u00fcge mit mehreren Loks von Balsthal nach Oensingen und zur\u00fcck. Am Abend verliessen die ersten Loks Balsthal wieder Richtung Heimat.<\/p>\n","protected":false},"excerpt":{"rendered":"<p>Am Sonntag war ich nochmals in Balsthal. St\u00fcndlich verkehrten jeweils Lokz\u00fcge mit mehreren Loks von Balsthal nach Oensingen und zur\u00fcck. Am Abend verliessen die ersten Loks Balsthal wieder Richtung Heimat.<\/p>\n","protected":false},"author":2,"featured_media":0,"comment_status":"closed","ping_status":"open","sticky":false,"template":"","format":"standard","meta":{"ngg_post_thumbnail":0,"footnotes":""},"categories":[7,8],"tags":[],"class_list":["post-2313","post","type-post","status-publish","format-standard","hentry","category-jubilaums-anlasse","category-alltagsbetrieb"],"_links":{"self":[{"href":"https:\/\/www.eisenbahnfotos.ch\/index.php?rest_route=\/wp\/v2\/posts\/2313","targetHints":{"allow":["GET"]}}],"collection":[{"href":"https:\/\/www.eisenbahnfotos.ch\/index.php?rest_route=\/wp\/v2\/posts"}],"about":[{"href":"https:\/\/www.eisenbahnfotos.ch\/index.php?rest_route=\/wp\/v2\/types\/post"}],"author":[{"embeddable":true,"href":"https:\/\/www.eisenbahnfotos.ch\/index.php?rest_route=\/wp\/v2\/users\/2"}],"replies":[{"embeddable":true,"href":"https:\/\/www.eisenbahnfotos.ch\/index.php?rest_route=%2Fwp%2Fv2%2Fcomments&post=2313"}],"version-history":[{"count":1,"href":"https:\/\/www.eisenbahnfotos.ch\/index.php?rest_route=\/wp\/v2\/posts\/2313\/revisions"}],"predecessor-version":[{"id":2314,"href":"https:\/\/www.eisenbahnfotos.ch\/index.php?rest_route=\/wp\/v2\/posts\/2313\/revisions\/2314"}],"wp:attachment":[{"href":"https:\/\/www.eisenbahnfotos.ch\/index.php?rest_route=%2Fwp%2Fv2%2Fmedia&parent=2313"}],"wp:term":[{"taxonomy":"category","embeddable":true,"href":"https:\/\/www.eisenbahnfotos.ch\/index.php?rest_route=%2Fwp%2Fv2%2Fcategories&post=2313"},{"taxonomy":"post_tag","embeddable":true,"href":"https:\/\/www.eisenbahnfotos.ch\/index.php?rest_route=%2Fwp%2Fv2%2Ftags&post=2313"}],"curies":[{"name":"wp","href":"https:\/\/api.w.org\/{rel}","templated":true}]}}