{"id":2337,"date":"2024-12-22T20:53:46","date_gmt":"2024-12-22T19:53:46","guid":{"rendered":"https:\/\/www.eisenbahnfotos.ch\/?p=2337"},"modified":"2024-12-22T20:53:46","modified_gmt":"2024-12-22T19:53:46","slug":"schweden-gaellivare","status":"publish","type":"post","link":"https:\/\/www.eisenbahnfotos.ch\/?p=2337","title":{"rendered":"Schweden: G\u00e4llivare"},"content":{"rendered":"<figure style=\"width: 150px\" class=\"wp-caption aligncenter\"><a href=\"https:\/\/www.eisenbahnfotos.ch\/bahn2\/picture.php?\/4047\/category\/13\"><img loading=\"lazy\" decoding=\"async\" class=\"size-medium\" src=\"https:\/\/www.eisenbahnfotos.ch\/bahn2\/_data\/i\/galleries\/2024\/ZBFL-010a-th.jpg\" width=\"150\" height=\"100\"><\/a><figcaption class=\"wp-caption-text\">11 Fotos (20.06.24)<\/figcaption><\/figure>\n<p>In G\u00e4llivare blieb ich f\u00fcr 2 N\u00e4chte (mit Mitternachtssonne).<\/p>\n","protected":false},"excerpt":{"rendered":"<p>In G\u00e4llivare blieb ich f\u00fcr 2 N\u00e4chte (mit Mitternachtssonne).<\/p>\n","protected":false},"author":2,"featured_media":0,"comment_status":"closed","ping_status":"open","sticky":false,"template":"","format":"standard","meta":{"ngg_post_thumbnail":0,"footnotes":""},"categories":[8,3],"tags":[],"class_list":["post-2337","post","type-post","status-publish","format-standard","hentry","category-alltagsbetrieb","category-ausland"],"_links":{"self":[{"href":"https:\/\/www.eisenbahnfotos.ch\/index.php?rest_route=\/wp\/v2\/posts\/2337","targetHints":{"allow":["GET"]}}],"collection":[{"href":"https:\/\/www.eisenbahnfotos.ch\/index.php?rest_route=\/wp\/v2\/posts"}],"about":[{"href":"https:\/\/www.eisenbahnfotos.ch\/index.php?rest_route=\/wp\/v2\/types\/post"}],"author":[{"embeddable":true,"href":"https:\/\/www.eisenbahnfotos.ch\/index.php?rest_route=\/wp\/v2\/users\/2"}],"replies":[{"embeddable":true,"href":"https:\/\/www.eisenbahnfotos.ch\/index.php?rest_route=%2Fwp%2Fv2%2Fcomments&post=2337"}],"version-history":[{"count":1,"href":"https:\/\/www.eisenbahnfotos.ch\/index.php?rest_route=\/wp\/v2\/posts\/2337\/revisions"}],"predecessor-version":[{"id":2338,"href":"https:\/\/www.eisenbahnfotos.ch\/index.php?rest_route=\/wp\/v2\/posts\/2337\/revisions\/2338"}],"wp:attachment":[{"href":"https:\/\/www.eisenbahnfotos.ch\/index.php?rest_route=%2Fwp%2Fv2%2Fmedia&parent=2337"}],"wp:term":[{"taxonomy":"category","embeddable":true,"href":"https:\/\/www.eisenbahnfotos.ch\/index.php?rest_route=%2Fwp%2Fv2%2Fcategories&post=2337"},{"taxonomy":"post_tag","embeddable":true,"href":"https:\/\/www.eisenbahnfotos.ch\/index.php?rest_route=%2Fwp%2Fv2%2Ftags&post=2337"}],"curies":[{"name":"wp","href":"https:\/\/api.w.org\/{rel}","templated":true}]}}