{"id":2343,"date":"2024-12-28T21:56:33","date_gmt":"2024-12-28T20:56:33","guid":{"rendered":"https:\/\/www.eisenbahnfotos.ch\/?p=2343"},"modified":"2024-12-28T21:56:33","modified_gmt":"2024-12-28T20:56:33","slug":"schweden-inlandsbanan-2","status":"publish","type":"post","link":"https:\/\/www.eisenbahnfotos.ch\/?p=2343","title":{"rendered":"Schweden: Inlandsbanan (2)"},"content":{"rendered":"<figure style=\"width: 150px\" class=\"wp-caption aligncenter\"><a href=\"https:\/\/www.eisenbahnfotos.ch\/bahn2\/picture.php?\/4075\/category\/13\"><img loading=\"lazy\" decoding=\"async\" class=\"size-medium\" src=\"https:\/\/www.eisenbahnfotos.ch\/bahn2\/_data\/i\/galleries\/2024\/ZBFN-006a-th.jpg\" width=\"150\" height=\"100\"><\/a><figcaption class=\"wp-caption-text\">9 Fotos (22.06.24)<\/figcaption><\/figure>\n<p>Am n\u00e4chsten Tag ging es mit dem grauen Triebwagen der Inlandsbanan weiter nach \u00d6stersund (mit weniger Fotom\u00f6glichkeiten unterwegs als am 1. Tag).<\/p>\n","protected":false},"excerpt":{"rendered":"<p>Am n\u00e4chsten Tag ging es mit dem grauen Triebwagen der Inlandsbanan weiter nach \u00d6stersund (mit weniger Fotom\u00f6glichkeiten unterwegs als am 1. Tag).<\/p>\n","protected":false},"author":2,"featured_media":0,"comment_status":"closed","ping_status":"open","sticky":false,"template":"","format":"standard","meta":{"ngg_post_thumbnail":0,"footnotes":""},"categories":[8,3],"tags":[],"class_list":["post-2343","post","type-post","status-publish","format-standard","hentry","category-alltagsbetrieb","category-ausland"],"_links":{"self":[{"href":"https:\/\/www.eisenbahnfotos.ch\/index.php?rest_route=\/wp\/v2\/posts\/2343","targetHints":{"allow":["GET"]}}],"collection":[{"href":"https:\/\/www.eisenbahnfotos.ch\/index.php?rest_route=\/wp\/v2\/posts"}],"about":[{"href":"https:\/\/www.eisenbahnfotos.ch\/index.php?rest_route=\/wp\/v2\/types\/post"}],"author":[{"embeddable":true,"href":"https:\/\/www.eisenbahnfotos.ch\/index.php?rest_route=\/wp\/v2\/users\/2"}],"replies":[{"embeddable":true,"href":"https:\/\/www.eisenbahnfotos.ch\/index.php?rest_route=%2Fwp%2Fv2%2Fcomments&post=2343"}],"version-history":[{"count":1,"href":"https:\/\/www.eisenbahnfotos.ch\/index.php?rest_route=\/wp\/v2\/posts\/2343\/revisions"}],"predecessor-version":[{"id":2344,"href":"https:\/\/www.eisenbahnfotos.ch\/index.php?rest_route=\/wp\/v2\/posts\/2343\/revisions\/2344"}],"wp:attachment":[{"href":"https:\/\/www.eisenbahnfotos.ch\/index.php?rest_route=%2Fwp%2Fv2%2Fmedia&parent=2343"}],"wp:term":[{"taxonomy":"category","embeddable":true,"href":"https:\/\/www.eisenbahnfotos.ch\/index.php?rest_route=%2Fwp%2Fv2%2Fcategories&post=2343"},{"taxonomy":"post_tag","embeddable":true,"href":"https:\/\/www.eisenbahnfotos.ch\/index.php?rest_route=%2Fwp%2Fv2%2Ftags&post=2343"}],"curies":[{"name":"wp","href":"https:\/\/api.w.org\/{rel}","templated":true}]}}