{"id":753,"date":"2012-06-10T10:55:39","date_gmt":"2012-06-10T08:55:39","guid":{"rendered":"http:\/\/www.eisenbahnfotos.ch\/?p=753"},"modified":"2012-06-10T10:55:39","modified_gmt":"2012-06-10T08:55:39","slug":"100-jahre-mob-zweisimmen-lenk","status":"publish","type":"post","link":"https:\/\/www.eisenbahnfotos.ch\/?p=753","title":{"rendered":"100 Jahre MOB Zweisimmen &#8211; Lenk"},"content":{"rendered":"<figure style=\"width: 150px\" class=\"wp-caption aligncenter\"><a href=\"http:\/\/www.eisenbahnfotos.ch\/bahn\/displayimage.php?pos=-6237\"><img loading=\"lazy\" decoding=\"async\" title=\"zum ersten Foto\" src=\"http:\/\/www.eisenbahnfotos.ch\/bahn\/albums\/uploads\/jahr\/2012b\/thumb_of125a.jpg\" alt=\"\" width=\"150\" height=\"100\" \/><\/a><figcaption class=\"wp-caption-text\">20 Fotos (09.06.12)<\/figcaption><\/figure>\n<p>Vom 8. &#8211; 10. Juni 2012 fand ein Fest zum 100-j\u00e4hrigen Jubil\u00e4um der MOB-Strecke Zweisimmen &#8211; Lenk statt. Zwischen den beiden Bahnh\u00f6fen fanden Fahrten mit zwei historischen Z\u00fcgen statt. Zum Einsatz kamen der Triebwagen BCFe 11 (Jahrgang 1905) mit dem Wagen C45 und die Dampflok BFD 3 mit vier Wagen.<\/p>\n","protected":false},"excerpt":{"rendered":"<p>Vom 8. &#8211; 10. Juni 2012 fand ein Fest zum 100-j\u00e4hrigen Jubil\u00e4um der MOB-Strecke Zweisimmen &#8211; Lenk statt. Zwischen den beiden Bahnh\u00f6fen fanden Fahrten mit zwei historischen Z\u00fcgen statt. Zum Einsatz kamen der Triebwagen BCFe 11 (Jahrgang 1905) mit dem Wagen C45 und die Dampflok BFD 3 mit vier Wagen.<\/p>\n","protected":false},"author":2,"featured_media":0,"comment_status":"closed","ping_status":"open","sticky":false,"template":"","format":"standard","meta":{"ngg_post_thumbnail":0,"footnotes":""},"categories":[7,11,13],"tags":[],"class_list":["post-753","post","type-post","status-publish","format-standard","hentry","category-jubilaums-anlasse","category-dampf","category-schmalspur"],"_links":{"self":[{"href":"https:\/\/www.eisenbahnfotos.ch\/index.php?rest_route=\/wp\/v2\/posts\/753","targetHints":{"allow":["GET"]}}],"collection":[{"href":"https:\/\/www.eisenbahnfotos.ch\/index.php?rest_route=\/wp\/v2\/posts"}],"about":[{"href":"https:\/\/www.eisenbahnfotos.ch\/index.php?rest_route=\/wp\/v2\/types\/post"}],"author":[{"embeddable":true,"href":"https:\/\/www.eisenbahnfotos.ch\/index.php?rest_route=\/wp\/v2\/users\/2"}],"replies":[{"embeddable":true,"href":"https:\/\/www.eisenbahnfotos.ch\/index.php?rest_route=%2Fwp%2Fv2%2Fcomments&post=753"}],"version-history":[{"count":1,"href":"https:\/\/www.eisenbahnfotos.ch\/index.php?rest_route=\/wp\/v2\/posts\/753\/revisions"}],"predecessor-version":[{"id":754,"href":"https:\/\/www.eisenbahnfotos.ch\/index.php?rest_route=\/wp\/v2\/posts\/753\/revisions\/754"}],"wp:attachment":[{"href":"https:\/\/www.eisenbahnfotos.ch\/index.php?rest_route=%2Fwp%2Fv2%2Fmedia&parent=753"}],"wp:term":[{"taxonomy":"category","embeddable":true,"href":"https:\/\/www.eisenbahnfotos.ch\/index.php?rest_route=%2Fwp%2Fv2%2Fcategories&post=753"},{"taxonomy":"post_tag","embeddable":true,"href":"https:\/\/www.eisenbahnfotos.ch\/index.php?rest_route=%2Fwp%2Fv2%2Ftags&post=753"}],"curies":[{"name":"wp","href":"https:\/\/api.w.org\/{rel}","templated":true}]}}