{"id":946,"date":"2013-11-10T12:58:49","date_gmt":"2013-11-10T11:58:49","guid":{"rendered":"http:\/\/www.eisenbahnfotos.ch\/?p=946"},"modified":"2013-11-10T12:59:20","modified_gmt":"2013-11-10T11:59:20","slug":"biaschina-2","status":"publish","type":"post","link":"https:\/\/www.eisenbahnfotos.ch\/?p=946","title":{"rendered":"Biaschina"},"content":{"rendered":"<figure style=\"width: 150px\" class=\"wp-caption aligncenter\"><a href=\"http:\/\/www.eisenbahnfotos.ch\/bahn\/displayimage.php?pid=6773\"><img loading=\"lazy\" decoding=\"async\" alt=\"\" src=\"http:\/\/www.eisenbahnfotos.ch\/bahn\/albums\/uploads\/jahr\/2013d\/thumb_PKH007a.jpg\" width=\"150\" height=\"100\" \/><\/a><figcaption class=\"wp-caption-text\">10 Fotos (17.10.13)<\/figcaption><\/figure>\n<p>Sch\u00f6nes Herbstwetter bei einem Ausflug Mitte Oktober in die Biaschina an der Gotthard-S\u00fcdrampe. Durch die tiefer stehende Sonne ist die Strecke daf\u00fcr am Nachmittag schon fr\u00fch im Schatten.<\/p>\n","protected":false},"excerpt":{"rendered":"<p>Sch\u00f6nes Herbstwetter bei einem Ausflug Mitte Oktober in die Biaschina an der Gotthard-S\u00fcdrampe. Durch die tiefer stehende Sonne ist die Strecke daf\u00fcr am Nachmittag schon fr\u00fch im Schatten.<\/p>\n","protected":false},"author":2,"featured_media":0,"comment_status":"closed","ping_status":"open","sticky":false,"template":"","format":"standard","meta":{"ngg_post_thumbnail":0,"footnotes":""},"categories":[8],"tags":[],"class_list":["post-946","post","type-post","status-publish","format-standard","hentry","category-alltagsbetrieb"],"_links":{"self":[{"href":"https:\/\/www.eisenbahnfotos.ch\/index.php?rest_route=\/wp\/v2\/posts\/946","targetHints":{"allow":["GET"]}}],"collection":[{"href":"https:\/\/www.eisenbahnfotos.ch\/index.php?rest_route=\/wp\/v2\/posts"}],"about":[{"href":"https:\/\/www.eisenbahnfotos.ch\/index.php?rest_route=\/wp\/v2\/types\/post"}],"author":[{"embeddable":true,"href":"https:\/\/www.eisenbahnfotos.ch\/index.php?rest_route=\/wp\/v2\/users\/2"}],"replies":[{"embeddable":true,"href":"https:\/\/www.eisenbahnfotos.ch\/index.php?rest_route=%2Fwp%2Fv2%2Fcomments&post=946"}],"version-history":[{"count":2,"href":"https:\/\/www.eisenbahnfotos.ch\/index.php?rest_route=\/wp\/v2\/posts\/946\/revisions"}],"predecessor-version":[{"id":948,"href":"https:\/\/www.eisenbahnfotos.ch\/index.php?rest_route=\/wp\/v2\/posts\/946\/revisions\/948"}],"wp:attachment":[{"href":"https:\/\/www.eisenbahnfotos.ch\/index.php?rest_route=%2Fwp%2Fv2%2Fmedia&parent=946"}],"wp:term":[{"taxonomy":"category","embeddable":true,"href":"https:\/\/www.eisenbahnfotos.ch\/index.php?rest_route=%2Fwp%2Fv2%2Fcategories&post=946"},{"taxonomy":"post_tag","embeddable":true,"href":"https:\/\/www.eisenbahnfotos.ch\/index.php?rest_route=%2Fwp%2Fv2%2Ftags&post=946"}],"curies":[{"name":"wp","href":"https:\/\/api.w.org\/{rel}","templated":true}]}}